{"id":1187,"date":"2009-01-07T10:52:26","date_gmt":"2009-01-07T09:52:26","guid":{"rendered":"http:\/\/www.plur.at\/wp\/?p=1187"},"modified":"2026-03-04T18:02:09","modified_gmt":"2026-03-04T16:02:09","slug":"falco-verdammt-wir-leben-noch","status":"publish","type":"post","link":"https:\/\/www.plur.at\/?p=1187","title":{"rendered":"Falco &#8211; Verdammt wir leben noch! (2007)"},"content":{"rendered":"<div class=\"fusion-fullwidth fullwidth-box fusion-builder-row-1 nonhundred-percent-fullwidth non-hundred-percent-height-scrolling\" style=\"--awb-border-radius-top-left:0px;--awb-border-radius-top-right:0px;--awb-border-radius-bottom-right:0px;--awb-border-radius-bottom-left:0px;--awb-flex-wrap:wrap;\" ><div class=\"fusion-builder-row fusion-row\"><div class=\"fusion-layout-column fusion_builder_column fusion-builder-column-0 fusion_builder_column_1_1 1_1 fusion-one-full fusion-column-first fusion-column-last\" style=\"--awb-bg-size:cover;--awb-margin-bottom:0px;\"><div class=\"fusion-column-wrapper fusion-flex-column-wrapper-legacy\"><div class=\"fusion-image-element fusion-image-align-center in-legacy-container\" style=\"text-align:center;--awb-aspect-ratio: 100 \/ 25;--awb-object-position:51% 48%;--awb-caption-title-font-family:var(--h2_typography-font-family);--awb-caption-title-font-weight:var(--h2_typography-font-weight);--awb-caption-title-font-style:var(--h2_typography-font-style);--awb-caption-title-size:var(--h2_typography-font-size);--awb-caption-title-transform:var(--h2_typography-text-transform);--awb-caption-title-line-height:var(--h2_typography-line-height);--awb-caption-title-letter-spacing:var(--h2_typography-letter-spacing);\"><div class=\"imageframe-align-center\"><span class=\" fusion-imageframe imageframe-none imageframe-1 hover-type-none has-aspect-ratio\"><img decoding=\"async\" width=\"1000\" height=\"1000\" title=\"f_falco_verdammt_wir_leben_noch\" src=\"https:\/\/www.plur.at\/wp-content\/uploads\/2009\/01\/f_falco_verdammt_wir_leben_noch.webp\" data-orig-src=\"https:\/\/www.plur.at\/wp-content\/uploads\/2009\/01\/f_falco_verdammt_wir_leben_noch.webp\" class=\"lazyload img-responsive wp-image-17758 img-with-aspect-ratio\" data-parent-fit=\"cover\" data-parent-container=\".fusion-image-element\" alt srcset=\"data:image\/svg+xml,%3Csvg%20xmlns%3D%27http%3A%2F%2Fwww.w3.org%2F2000%2Fsvg%27%20width%3D%271000%27%20height%3D%271000%27%20viewBox%3D%270%200%201000%201000%27%3E%3Crect%20width%3D%271000%27%20height%3D%271000%27%20fill-opacity%3D%220%22%2F%3E%3C%2Fsvg%3E\" data-srcset=\"https:\/\/www.plur.at\/wp-content\/uploads\/2009\/01\/f_falco_verdammt_wir_leben_noch-200x200.webp 200w, https:\/\/www.plur.at\/wp-content\/uploads\/2009\/01\/f_falco_verdammt_wir_leben_noch-400x400.webp 400w, https:\/\/www.plur.at\/wp-content\/uploads\/2009\/01\/f_falco_verdammt_wir_leben_noch-600x600.webp 600w, https:\/\/www.plur.at\/wp-content\/uploads\/2009\/01\/f_falco_verdammt_wir_leben_noch-800x800.webp 800w, https:\/\/www.plur.at\/wp-content\/uploads\/2009\/01\/f_falco_verdammt_wir_leben_noch.webp 1000w\" data-sizes=\"auto\" data-orig-sizes=\"(max-width: 820px) 100vw, 1000px\" \/><\/span><\/div><\/div><div class=\"fusion-sep-clear\"><\/div><div class=\"fusion-separator\" style=\"margin-left: auto;margin-right: auto;margin-top:20px;margin-bottom:20px;width:100%;max-width:30%;\"><div class=\"fusion-separator-border sep-single\" style=\"--awb-height:20px;--awb-amount:20px;border-color:var(--awb-color7);border-top-width:3px;\"><\/div><\/div><div class=\"fusion-sep-clear\"><\/div><div class=\"fusion-text fusion-text-1\" style=\"--awb-content-alignment:justify;\"><p>Der \u00f6sterreichische Regisseur Thomas Roth (&#8220;Blutrausch&#8221;, &#8220;Der See&#8221;) hat sich 2007 an ein heikles Projekt gewagt. Er drehte einen Film \u00fcber das Leben von Hans H\u00f6lzel &#8211; besser bekannt als Falco. Nachdem ich kein Falco Fan bin, konnte ich mir den Film ohne gro\u00dfe Emotionen zu Gem\u00fcte f\u00fchren. Vom Resultat war ich durchaus angetan, obwohl der Film speziell in den ersten zwanzig Minuten sehr gew\u00f6hnungsbed\u00fcrftig ist. Manuel Rubey in der Hauptrolle macht seine Sache grunds\u00e4tzlich sehr gut &#8211; der Umstand, da\u00df er mit seiner Band alle Songs selbst singt, ist f\u00fcr viele Fans sicher eine Zumutung. Etliche Details im Film erscheinen glaubw\u00fcrdig und realistisch. Dar\u00fcberhinaus vermeidet Thomas Roth es, die Person Hans H\u00f6lzel zu sehr auf ein Podest zu heben.<\/p>\n<p>Das Bild und der Ton der DVD sind sehr gut. Der Lautst\u00e4rkeunterschied zwischen Dialog und Musik ist aber leider auch bei diesem Film sehr gro\u00df und n\u00f6tigt den Zuseher zum Lauter-\/Leiserdrehen.<\/p>\n<p><b>Film: 6,5\/10<br \/>\nBild: 8\/10<br \/>\nTon: 7\/10 <\/b><\/p>\n<p>Reviewdatum: 7. J\u00e4nner 2009<br \/>\nBD\/DVD Erscheinungsjahr: 2008<br \/>\nProduktionsjahr: 2007<br \/>\nVertrieb: Euro Video<\/p>\n<\/div><div class=\"fusion-clearfix\"><\/div><\/div><\/div><\/div><\/div>\n","protected":false},"excerpt":{"rendered":"","protected":false},"author":1,"featured_media":17758,"comment_status":"open","ping_status":"open","sticky":false,"template":"","format":"standard","meta":{"footnotes":""},"categories":[19,20,2],"tags":[30,45,70],"class_list":["post-1187","post","type-post","status-publish","format-standard","has-post-thumbnail","hentry","category-dvd","category-filme","category-filme-serien","tag-biopic","tag-drama","tag-musik"],"_links":{"self":[{"href":"https:\/\/www.plur.at\/index.php?rest_route=\/wp\/v2\/posts\/1187","targetHints":{"allow":["GET"]}}],"collection":[{"href":"https:\/\/www.plur.at\/index.php?rest_route=\/wp\/v2\/posts"}],"about":[{"href":"https:\/\/www.plur.at\/index.php?rest_route=\/wp\/v2\/types\/post"}],"author":[{"embeddable":true,"href":"https:\/\/www.plur.at\/index.php?rest_route=\/wp\/v2\/users\/1"}],"replies":[{"embeddable":true,"href":"https:\/\/www.plur.at\/index.php?rest_route=%2Fwp%2Fv2%2Fcomments&post=1187"}],"version-history":[{"count":5,"href":"https:\/\/www.plur.at\/index.php?rest_route=\/wp\/v2\/posts\/1187\/revisions"}],"predecessor-version":[{"id":17759,"href":"https:\/\/www.plur.at\/index.php?rest_route=\/wp\/v2\/posts\/1187\/revisions\/17759"}],"wp:featuredmedia":[{"embeddable":true,"href":"https:\/\/www.plur.at\/index.php?rest_route=\/wp\/v2\/media\/17758"}],"wp:attachment":[{"href":"https:\/\/www.plur.at\/index.php?rest_route=%2Fwp%2Fv2%2Fmedia&parent=1187"}],"wp:term":[{"taxonomy":"category","embeddable":true,"href":"https:\/\/www.plur.at\/index.php?rest_route=%2Fwp%2Fv2%2Fcategories&post=1187"},{"taxonomy":"post_tag","embeddable":true,"href":"https:\/\/www.plur.at\/index.php?rest_route=%2Fwp%2Fv2%2Ftags&post=1187"}],"curies":[{"name":"wp","href":"https:\/\/api.w.org\/{rel}","templated":true}]}}