{"id":1106,"date":"2009-03-25T09:53:18","date_gmt":"2009-03-25T08:53:18","guid":{"rendered":"http:\/\/www.plur.at\/wp\/?p=1106"},"modified":"2026-03-16T13:18:18","modified_gmt":"2026-03-16T11:18:18","slug":"der-klang-des-herzens","status":"publish","type":"post","link":"https:\/\/www.plur.at\/?p=1106","title":{"rendered":"Der Klang des Herzens (DVD)"},"content":{"rendered":"<div class=\"fusion-fullwidth fullwidth-box fusion-builder-row-1 nonhundred-percent-fullwidth non-hundred-percent-height-scrolling\" style=\"--awb-border-radius-top-left:0px;--awb-border-radius-top-right:0px;--awb-border-radius-bottom-right:0px;--awb-border-radius-bottom-left:0px;--awb-flex-wrap:wrap;\" ><div class=\"fusion-builder-row fusion-row\"><div class=\"fusion-layout-column fusion_builder_column fusion-builder-column-0 fusion_builder_column_1_1 1_1 fusion-one-full fusion-column-first fusion-column-last\" style=\"--awb-bg-size:cover;--awb-margin-bottom:0px;\"><div class=\"fusion-column-wrapper fusion-flex-column-wrapper-legacy\"><div class=\"fusion-image-element fusion-image-align-center in-legacy-container\" style=\"text-align:center;--awb-aspect-ratio: 100 \/ 25;--awb-object-position:50% 69%;--awb-caption-title-font-family:var(--h2_typography-font-family);--awb-caption-title-font-weight:var(--h2_typography-font-weight);--awb-caption-title-font-style:var(--h2_typography-font-style);--awb-caption-title-size:var(--h2_typography-font-size);--awb-caption-title-transform:var(--h2_typography-text-transform);--awb-caption-title-line-height:var(--h2_typography-line-height);--awb-caption-title-letter-spacing:var(--h2_typography-letter-spacing);\"><div class=\"imageframe-align-center\"><span class=\" fusion-imageframe imageframe-none imageframe-1 hover-type-none has-aspect-ratio\"><img decoding=\"async\" width=\"1000\" height=\"1000\" title=\"f_klang_des_herzens\" src=\"https:\/\/www.plur.at\/wp-content\/uploads\/2009\/03\/f_klang_des_herzens.webp\" data-orig-src=\"https:\/\/www.plur.at\/wp-content\/uploads\/2009\/03\/f_klang_des_herzens.webp\" class=\"lazyload img-responsive wp-image-18031 img-with-aspect-ratio\" data-parent-fit=\"cover\" data-parent-container=\".fusion-image-element\" alt srcset=\"data:image\/svg+xml,%3Csvg%20xmlns%3D%27http%3A%2F%2Fwww.w3.org%2F2000%2Fsvg%27%20width%3D%271000%27%20height%3D%271000%27%20viewBox%3D%270%200%201000%201000%27%3E%3Crect%20width%3D%271000%27%20height%3D%271000%27%20fill-opacity%3D%220%22%2F%3E%3C%2Fsvg%3E\" data-srcset=\"https:\/\/www.plur.at\/wp-content\/uploads\/2009\/03\/f_klang_des_herzens-200x200.webp 200w, https:\/\/www.plur.at\/wp-content\/uploads\/2009\/03\/f_klang_des_herzens-400x400.webp 400w, https:\/\/www.plur.at\/wp-content\/uploads\/2009\/03\/f_klang_des_herzens-600x600.webp 600w, https:\/\/www.plur.at\/wp-content\/uploads\/2009\/03\/f_klang_des_herzens-800x800.webp 800w, https:\/\/www.plur.at\/wp-content\/uploads\/2009\/03\/f_klang_des_herzens.webp 1000w\" data-sizes=\"auto\" data-orig-sizes=\"(max-width: 820px) 100vw, 1000px\" \/><\/span><\/div><\/div><div class=\"fusion-sep-clear\"><\/div><div class=\"fusion-separator\" style=\"margin-left: auto;margin-right: auto;margin-top:20px;margin-bottom:20px;width:100%;max-width:30%;\"><div class=\"fusion-separator-border sep-single\" style=\"--awb-height:20px;--awb-amount:20px;border-color:var(--awb-color7);border-top-width:3px;\"><\/div><\/div><div class=\"fusion-sep-clear\"><\/div><div class=\"fusion-text fusion-text-1\" style=\"--awb-content-alignment:justify;\"><p>Jungstar Freddie Highmore spielt in diesem romantisch-kitschigen Musikliebesdrama an der Seite von Jonathan Rhys-Meyers, Keri Russel, Terence Howard und Robin Williams. Nach einer starken Anfangssequenz, zeigt der Film leider sehr schnell sein wahres Gesicht. Obwohl die Geschichte mehr als genug Platz bieten w\u00fcrde, sind die Charaktere nicht sehr detailiert gezeichnet. Die Handlung ist \u00fcber weite Strecken d\u00fcnn und mancherorts sogar schlicht und ergriffen unglaubw\u00fcrdig. Die schauspielerischen Leistungen sind als mittelm\u00e4\u00dfig bis schlecht zu bezeichnen (speziell Jonathan Rhys-Meyers ist f\u00fcr mich in diesem Film ein Streichresultat). Robin Williams zeigt den Herrschaften zwar wie es geht, kann in seiner Nebenrolle den Karren aber nat\u00fcrlich nicht aus dem Dreck ziehen. Die musikalische Komponente macht den Film grunds\u00e4tzlich f\u00fcr mich sehr reizvoll. Obwohl die Darstellung der Alltagsharmonien sehr gut gelungen ist und das akkustische Gitarrenspiel als beeindruckend zu bezeichnen ist, ersticken leider gerade die rockigen Momente in einer Mischung aus Kitsch und grausamen 80-iger Jahre Feeling. Schade eigentlich &#8211; der Film h\u00e4tte durchaus Potential gehabt.<\/p>\n<p>Die Bildqualit\u00e4t ist extrem wechselhaft. W\u00e4hrend speziell die Nahaufnahmen manchmal mit einer f\u00fcr eine DVD gro\u00dfartigen Sch\u00e4rfe und einem hohen Detailgrad brillieren, wirken Totale sehr oft unscharf und milchig. Ausgerissene Kanten und starkes Rauschen bei dunklen Szenen sind leider auch immer wieder zu beobachten. Der deutsche Dolby Digital Ton ist daf\u00fcr sehr solide und leistet sich kaum Schw\u00e4chen.<\/p>\n<p><b>Film: 4\/10<br \/>\nBild: 5\/10<br \/>\nTon: 8\/10 <\/b><\/p>\n<p>Bildquellen: \u00a9 UFA \/ Tobis \/ Universum Film<\/p>\n<p>Reviewdatum: 25. M\u00e4rz 2009<br \/>\nBD\/DVD Erscheinungsjahr: 2008<br \/>\nProduktionsjahr: 2007<br \/>\nVerleih\/Vertrieb: UFA\/Tobis\/Universum Film<\/p>\n<\/div><div class=\"fusion-clearfix\"><\/div><\/div><\/div><\/div><\/div>\n","protected":false},"excerpt":{"rendered":"","protected":false},"author":1,"featured_media":18031,"comment_status":"open","ping_status":"open","sticky":false,"template":"","format":"standard","meta":{"footnotes":""},"categories":[19,20,2],"tags":[45,60],"class_list":["post-1106","post","type-post","status-publish","format-standard","has-post-thumbnail","hentry","category-dvd","category-filme","category-filme-serien","tag-drama","tag-komodie"],"_links":{"self":[{"href":"https:\/\/www.plur.at\/index.php?rest_route=\/wp\/v2\/posts\/1106","targetHints":{"allow":["GET"]}}],"collection":[{"href":"https:\/\/www.plur.at\/index.php?rest_route=\/wp\/v2\/posts"}],"about":[{"href":"https:\/\/www.plur.at\/index.php?rest_route=\/wp\/v2\/types\/post"}],"author":[{"embeddable":true,"href":"https:\/\/www.plur.at\/index.php?rest_route=\/wp\/v2\/users\/1"}],"replies":[{"embeddable":true,"href":"https:\/\/www.plur.at\/index.php?rest_route=%2Fwp%2Fv2%2Fcomments&post=1106"}],"version-history":[{"count":4,"href":"https:\/\/www.plur.at\/index.php?rest_route=\/wp\/v2\/posts\/1106\/revisions"}],"predecessor-version":[{"id":18032,"href":"https:\/\/www.plur.at\/index.php?rest_route=\/wp\/v2\/posts\/1106\/revisions\/18032"}],"wp:featuredmedia":[{"embeddable":true,"href":"https:\/\/www.plur.at\/index.php?rest_route=\/wp\/v2\/media\/18031"}],"wp:attachment":[{"href":"https:\/\/www.plur.at\/index.php?rest_route=%2Fwp%2Fv2%2Fmedia&parent=1106"}],"wp:term":[{"taxonomy":"category","embeddable":true,"href":"https:\/\/www.plur.at\/index.php?rest_route=%2Fwp%2Fv2%2Fcategories&post=1106"},{"taxonomy":"post_tag","embeddable":true,"href":"https:\/\/www.plur.at\/index.php?rest_route=%2Fwp%2Fv2%2Ftags&post=1106"}],"curies":[{"name":"wp","href":"https:\/\/api.w.org\/{rel}","templated":true}]}}